[{"@context":"https:\/\/schema.org\/","@type":"Article","@id":"https:\/\/www.esapo.cz\/dalsi-penize-pro-pripad-dlouhodobe-pece-o-nemocne\/#Article","mainEntityOfPage":"https:\/\/www.esapo.cz\/dalsi-penize-pro-pripad-dlouhodobe-pece-o-nemocne\/","headline":"Dal\u0161\u00ed pen\u00edze pro p\u0159\u00edpad dlouhodob\u00e9 p\u00e9\u010de o nemocn\u00e9","name":"Dal\u0161\u00ed pen\u00edze pro p\u0159\u00edpad dlouhodob\u00e9 p\u00e9\u010de o nemocn\u00e9","description":"V prvn\u00ed \u0159ad\u011b si \u0159ekn\u011bme, \u017ee c\u00edlem t\u00e9to nemocensk\u00e9 d\u00e1vky je pokryt\u00ed v\u00fdpadku p\u0159\u00edjmu. Jestli\u017ee n\u011bkdo pracuje a mus\u00ed se nutn\u011b postarat o \u010dlena rodiny (z pravidla se samoz\u0159ejm\u011b jedn\u00e1 o p\u00e9\u010di o d\u011bti, i kdy\u017e samoz\u0159ejm\u011b lze se starat o man\u017eela \u010di man\u017eelku a podobn\u011b),m\u016f\u017ee v tuto chv\u00edli z\u016fstat doma dev\u011bt dn\u00ed, za kter\u00e9 dostane pr\u00e1v\u011b od \u010cesk\u00e9 spr\u00e1vy &hellip; ","datePublished":"2018-03-26","dateModified":"2023-06-08","author":{"@type":"Person","@id":"https:\/\/www.esapo.cz\/author\/#Person","name":"","url":"https:\/\/www.esapo.cz\/author\/","identifier":1,"image":{"@type":"ImageObject","@id":"https:\/\/secure.gravatar.com\/avatar\/afe3e9c307ddf0b756c397ad75c6ecdba1f9da628b10651fe33a13bba6407ccd?s=96&d=mm&r=g","url":"https:\/\/secure.gravatar.com\/avatar\/afe3e9c307ddf0b756c397ad75c6ecdba1f9da628b10651fe33a13bba6407ccd?s=96&d=mm&r=g","height":96,"width":96}},"publisher":{"@type":"Organization","name":"esapo.cz","logo":{"@type":"ImageObject","@id":"\/logo.png","url":"\/logo.png","width":600,"height":60}},"image":{"@type":"ImageObject","@id":"https:\/\/www.esapo.cz\/wp-content\/uploads\/img_a316356_w1748_t1527317673.jpg","url":"https:\/\/www.esapo.cz\/wp-content\/uploads\/img_a316356_w1748_t1527317673.jpg","height":0,"width":0},"url":"https:\/\/www.esapo.cz\/dalsi-penize-pro-pripad-dlouhodobe-pece-o-nemocne\/","wordCount":533,"articleBody":"V prvn\u00ed \u0159ad\u011b si \u0159ekn\u011bme, \u017ee c\u00edlem t\u00e9to nemocensk\u00e9 d\u00e1vky je pokryt\u00ed v\u00fdpadku p\u0159\u00edjmu. Jestli\u017ee n\u011bkdo pracuje a mus\u00ed se nutn\u011b postarat o \u010dlena rodiny (z pravidla se samoz\u0159ejm\u011b jedn\u00e1 o p\u00e9\u010di o d\u011bti, i kdy\u017e samoz\u0159ejm\u011b lze se starat o man\u017eela \u010di man\u017eelku a podobn\u011b),m\u016f\u017ee v tuto chv\u00edli z\u016fstat doma dev\u011bt dn\u00ed, za kter\u00e9 dostane pr\u00e1v\u011b od \u010cesk\u00e9 spr\u00e1vy soci\u00e1ln\u00ed zabezpe\u010den\u00ed pen\u00edze na pokryt\u00ed v\u00fdpadku p\u0159\u00edjm\u016f. U rodi\u010d\u016f (samo\u017eivitelky \u010di samo\u017eivitele) je tato doba prodlou\u017eena na \u0161estn\u00e1ct kalend\u00e1\u0159n\u00edch dn\u00ed p\u0159i p\u00e9\u010di o d\u00edt\u011b, kter\u00e9 nedokon\u010dilo povinnou \u0161koln\u00ed doch\u00e1zku.\tNovinka, tedy dlouhodob\u00e9 o\u0161et\u0159ovn\u00e9, je ur\u010deno ale nyn\u00ed lidem, kte\u0159\u00ed se dlouhodob\u011b mus\u00ed starat o bl\u00edzk\u00e9, kte\u0159\u00ed se l\u00e9\u010d\u00ed se z\u00e1va\u017en\u011bj\u0161\u00edm onemocn\u011bn\u00edm a pot\u0159ebuj\u00ed m\u00edt u sebe n\u011bkoho, kdo se o n\u011b postar\u00e1. Tato d\u00e1vka nemocensk\u00e9ho poji\u0161t\u011bn\u00ed by pak byla pro lidi, kte\u0159\u00ed pe\u010duj\u00ed o nemocn\u00e9 d\u00e9le, ne\u017e devades\u00e1t kalend\u00e1\u0159n\u00edch dn\u00ed.\tPodm\u00ednky\t\u00b7\u00a0\u00a0\u00a0\u00a0\u00a0\u00a0\u00a0\u00a0 pe\u010dujete o osobu, kter\u00e1 m\u00e1 za sebou minim\u00e1ln\u011b sedmidenn\u00ed hospitalizaci s p\u0159edpokladem minim\u00e1ln\u011b dal\u0161\u00edho m\u011bs\u00ed\u010dn\u00edho dom\u00e1c\u00edho l\u00e9\u010den\u00ed (potvrd\u00ed v\u017edy l\u00e9ka\u0159)\t\u00b7\u00a0\u00a0\u00a0\u00a0\u00a0\u00a0\u00a0\u00a0 pe\u010dovat o nemocn\u00e9 mohou:\t\u25e6\u00a0\u00a0\u00a0\u00a0 rodi\u010de\t\u25e6\u00a0\u00a0\u00a0\u00a0 man\u017eel\u00e9\t\u25e6\u00a0\u00a0\u00a0\u00a0 registrovan\u00ed partne\u0159i\t\u25e6\u00a0\u00a0\u00a0\u00a0 p\u0159\u00edbuzn\u00ed v p\u0159\u00edm\u00e9 linii \t\u25aa\u00a0\u00a0\u00a0\u00a0 tchyn\u011b\t\u25aa\u00a0\u00a0\u00a0\u00a0 tch\u00e1n\t\u25aa\u00a0\u00a0\u00a0\u00a0 snacha\t\u25aa\u00a0\u00a0\u00a0\u00a0 ze\u0165\t\u25aa\u00a0\u00a0\u00a0\u00a0 nete\u0159\t\u25aa\u00a0\u00a0\u00a0\u00a0 synovec\t\u25aa\u00a0\u00a0\u00a0\u00a0 teta\t\u25aa\u00a0\u00a0\u00a0\u00a0 str\u00fdc\t\u25e6\u00a0\u00a0\u00a0\u00a0 a dal\u0161\u00ed se spole\u010dn\u00fdm trval\u00fdm bydli\u0161t\u011bm\t\u25aa\u00a0\u00a0\u00a0\u00a0 druh \t\u25aa\u00a0\u00a0\u00a0\u00a0 dru\u017eka\t\u00a0\t\u00a0\t\u00b7\u00a0\u00a0\u00a0\u00a0\u00a0\u00a0\u00a0\u00a0 \u00a0m\u00edt minim\u00e1ln\u011b devades\u00e1t dn\u00ed za posledn\u00ed \u010dty\u0159i m\u011bs\u00edce \u00fa\u010dast na nemocensk\u00e9m poji\u0161t\u011bn\u00ed. Toto poji\u0161t\u011bn\u00ed je jednou ze slo\u017eek soci\u00e1ln\u00edho poji\u0161t\u011bn\u00ed a za zam\u011bstnance je hrad\u00ed pr\u00e1v\u011b zam\u011bstnavatele (neplat\u00ed tedy pro zam\u011bstnan\u00e9 na \t\u25e6\u00a0\u00a0\u00a0\u00a0 dohodu o proveden\u00ed pr\u00e1ce\t\u25e6\u00a0\u00a0\u00a0\u00a0 dohodu o pracovn\u00ed \u010dinnosti)\t\u00b7\u00a0\u00a0\u00a0\u00a0\u00a0\u00a0\u00a0\u00a0 na d\u00edt\u011b nelze \u010derpat tuto d\u00e1vku v p\u0159\u00edpad\u011b, \u017ee rodi\u010d pob\u00edr\u00e1 na toto d\u00edt\u011b pen\u011b\u017eitou pomoc v mate\u0159stv\u00ed \u010di rodi\u010dovsk\u00fd p\u0159\u00edsp\u011bvek\t\tDobr\u00e1 zpr\u00e1va pro OSV\u010c\tNa rozd\u00edl od kr\u00e1tkodob\u00e9 d\u00e1vky m\u016f\u017ee toto dlouhodob\u00e9 o\u0161et\u0159ov\u00e1n\u00ed vyu\u017e\u00edt pr\u00e1v\u011b i osoba samostatn\u011b v\u00fdd\u011ble\u010dn\u011b \u010dinn\u00e1, pokud v\u0161ak m\u00e1 \u00fa\u010dast na nemocensk\u00e9m poji\u0161t\u011bn\u00ed (to nen\u00ed sou\u010d\u00e1st\u00ed klasick\u00fdch z\u00e1loh na soci\u00e1ln\u00ed poji\u0161t\u011bn\u00ed, ale je to dobrovoln\u00e9 a zvl\u00e1\u0161tn\u00ed p\u0159ipoji\u0161t\u011bn\u00ed) v posledn\u00edch devades\u00e1ti dnech p\u0159ed za\u010d\u00e1tkem \u010cERP\u00c1N\u00cd d\u00e1vky.\tJak \u010dasto je mo\u017en\u00e9 d\u00e1vky vyu\u017e\u00edvat?\tSoci\u00e1lka tuto d\u00e1vku bude vypl\u00e1cet pouze a v\u00fdhradn\u011b jednou v roce a pokud ji vyu\u017eijete, budete moci o dal\u0161\u00ed takovou d\u00e1vku po\u017e\u00e1dat op\u011bt nejd\u0159\u00edve po jednom roce od p\u0159edchoz\u00edho \u010derp\u00e1n\u00ed. Pokud je pot\u0159eba, mohou se v \u010derp\u00e1n\u00ed st\u0159\u00eddat i jednotliv\u00e9 osoby, kter\u00e9 mohou paragraf vyu\u017e\u00edt. St\u0159\u00edd\u00e1n\u00ed mus\u00ed b\u00fdt o cel\u00fdch dnech. \t\u00a0                                                                                                                                                                                                                                                                                                                                                                                        4.4\/5 - (5 votes)        "},{"@context":"https:\/\/schema.org\/","@type":"BreadcrumbList","itemListElement":[{"@type":"ListItem","position":1,"name":"Dal\u0161\u00ed pen\u00edze pro p\u0159\u00edpad dlouhodob\u00e9 p\u00e9\u010de o nemocn\u00e9","item":"https:\/\/www.esapo.cz\/dalsi-penize-pro-pripad-dlouhodobe-pece-o-nemocne\/#breadcrumbitem"}]}]