[{"@context":"https:\/\/schema.org\/","@type":"Article","@id":"https:\/\/www.esapo.cz\/dovolena-v-cechach\/#Article","mainEntityOfPage":"https:\/\/www.esapo.cz\/dovolena-v-cechach\/","headline":"Dovolen\u00e1 v \u010cech\u00e1ch","name":"Dovolen\u00e1 v \u010cech\u00e1ch","description":"M\u00e1te r\u00e1di \u010cesko? R\u00e1di se toul\u00e1te s batohem na z\u00e1dech krajinou? R\u00e1di se proj\u00ed\u017ed\u00edte po \u010cech\u00e1ch na kole a ubytov\u00e1v\u00e1te se jen proto, abyste m\u011bli kde p\u0159espat, proto\u017ee r\u00e1no op\u011bt sp\u011bch\u00e1te na kolo? Nehled\u00edte na luxus, sta\u010d\u00ed v\u00e1m standardn\u00ed ubytov\u00e1n\u00ed. \u0158\u00edk\u00e1te, \u017ee luxus je pro v\u00e1s zbyte\u010dn\u00fd, \u017ee jste stejn\u011b od r\u00e1na do ve\u010dera na cyklo toulk\u00e1ch a p\u0159ij\u00ed\u017ed\u00edte se &hellip; ","datePublished":"2019-11-16","dateModified":"2024-04-08","author":{"@type":"Person","@id":"https:\/\/www.esapo.cz\/author\/#Person","name":"","url":"https:\/\/www.esapo.cz\/author\/","identifier":1,"image":{"@type":"ImageObject","@id":"https:\/\/secure.gravatar.com\/avatar\/afe3e9c307ddf0b756c397ad75c6ecdba1f9da628b10651fe33a13bba6407ccd?s=96&d=mm&r=g","url":"https:\/\/secure.gravatar.com\/avatar\/afe3e9c307ddf0b756c397ad75c6ecdba1f9da628b10651fe33a13bba6407ccd?s=96&d=mm&r=g","height":96,"width":96}},"publisher":{"@type":"Organization","name":"esapo.cz","logo":{"@type":"ImageObject","@id":"\/logo.png","url":"\/logo.png","width":600,"height":60}},"image":{"@type":"ImageObject","@id":"https:\/\/www.esapo.cz\/wp-content\/uploads\/img_a367245_w1889_t1579697894.jpg","url":"https:\/\/www.esapo.cz\/wp-content\/uploads\/img_a367245_w1889_t1579697894.jpg","height":0,"width":0},"url":"https:\/\/www.esapo.cz\/dovolena-v-cechach\/","about":["Nakupov\u00e1n\u00ed"],"wordCount":421,"articleBody":"      M\u00e1te r\u00e1di \u010cesko? R\u00e1di se toul\u00e1te s batohem na z\u00e1dech krajinou? R\u00e1di se proj\u00ed\u017ed\u00edte po \u010cech\u00e1ch na kole a ubytov\u00e1v\u00e1te se jen proto, abyste m\u011bli kde p\u0159espat, proto\u017ee r\u00e1no op\u011bt sp\u011bch\u00e1te na kolo? Nehled\u00edte na luxus, sta\u010d\u00ed v\u00e1m standardn\u00ed ubytov\u00e1n\u00ed. \u0158\u00edk\u00e1te, \u017ee luxus je pro v\u00e1s zbyte\u010dn\u00fd, \u017ee jste stejn\u011b od r\u00e1na do ve\u010dera na cyklo toulk\u00e1ch a p\u0159ij\u00ed\u017ed\u00edte se do pokoje jen vyspat? A v\u00edte s ur\u010ditost\u00ed, \u017ee va\u0161e man\u017eelka s v\u00e1mi sd\u00edl\u00ed stejn\u00fd n\u00e1zor anebo se jen nechce vyj\u00e1d\u0159it? Zkuste se j\u00ed zeptat anebo pop\u0159em\u00fd\u0161lejte sami, zda si va\u0161e drah\u00e1 polovi\u010dka p\u0159ece jen nezaslou\u017e\u00ed n\u011bjakou zm\u011bnu. A ud\u011blejte ji pr\u00e1v\u011b te\u010f! P\u0159ekvapte ji a napl\u00e1nujte dovolenou tak, aby po pern\u00e9m dnu str\u00e1ven\u00e9m na kole mohla spo\u010dinout v hork\u00e9 v\u00ed\u0159ivce anebo relaxovala v infrasaun\u011b \u010di finsk\u00e9 saun\u011b. Kter\u00e1 \u017eena by odm\u00edtla tuto mo\u017enost? Anebo si budete moci prot\u00e1hnout p\u0159\u00edjemn\u011b svaly p\u0159i plav\u00e1n\u00ed ve venkovn\u00edm baz\u00e9nu, kter\u00fd nav\u00edc nab\u00edz\u00ed i pl\u00e1\u017eov\u00fd bar. Nen\u00ed to p\u0159ece jen jin\u00e9 a jak\u00e9si slavnostn\u011bj\u0161\u00ed zakon\u010den\u00ed dne str\u00e1ven\u00e9ho aktivn\u00edm sportem? Odm\u011b\u0148te se a dop\u0159ejte si tento kr\u00e1sn\u00fd relax. Mo\u017en\u00e1 budete p\u0159ekvapeni, s jak\u00fdm nad\u0161en\u00edm va\u0161e \u017eena tuto mo\u017enost uv\u00edt\u00e1. A to v\u0161e n\u00e1m nab\u00edzej\u00ed hotely Lednice Lednice Galant P\u0159\u00edjemn\u00e9 ubytov\u00e1n\u00ed s mo\u017enost\u00ed priv\u00e1tn\u00ed wellness, b\u00e1je\u010dnou kuchyn\u00ed a co ocen\u00ed mu\u017ei \u2013 s vlastn\u00edm minipivovarem! M\u016f\u017eete si vyb\u00edrat, jak budete odpo\u010d\u00edvat. M\u016f\u017eete relaxovat ve v\u00ed\u0159ivce, ale tak\u00e9 m\u016f\u017eete relaxovat u gastronomick\u00e9ho z\u00e1\u017eitku. Garantujeme v\u00e1m chutn\u00e9 j\u00eddlo, a to proto, \u017ee kuchy\u0148 va\u0159\u00ed z \u010derstv\u00fdch a nejl\u00e9pe m\u00edstn\u00edch a sez\u00f3nn\u00edch surovin. \u0160\u00e9fkucha\u0159 v\u00e1m p\u0159edstav\u00ed v\u00fdte\u010dnou moravskou kuchy\u0148, ale i speciality evropsk\u00e9 a mezin\u00e1rodn\u00ed kuchyn\u011b. Ve\u010de\u0159et m\u016f\u017eete za zvuku l\u00edbiv\u00e9 moravsk\u00e9 cimb\u00e1lovky, pop\u00edjet v\u00fdte\u010dn\u00e9 v\u00edno z moravsk\u00fdch hrozn\u016f, a to vlastn\u00ed v\u00fdroby zna\u010dky Galant a v\u00edna Cibulka. Vybere si ka\u017ed\u00fd milovn\u00edk dobr\u00e9ho moravsk\u00e9ho v\u00edna.                                                                                                                                                                                                                                                                                                                                                                                          3.6\/5 - (5 votes)        "},{"@context":"https:\/\/schema.org\/","@type":"BreadcrumbList","itemListElement":[{"@type":"ListItem","position":1,"name":"Dovolen\u00e1 v \u010cech\u00e1ch","item":"https:\/\/www.esapo.cz\/dovolena-v-cechach\/#breadcrumbitem"}]}]