[{"@context":"https:\/\/schema.org\/","@type":"Article","@id":"https:\/\/www.esapo.cz\/nakup-motorky\/#Article","mainEntityOfPage":"https:\/\/www.esapo.cz\/nakup-motorky\/","headline":"N\u00e1kup motorky","name":"N\u00e1kup motorky","description":"M\u016fj bratr v\u017edycky tou\u017eil po motorce a tak\u00e9 cht\u011bl pracovat s motorkami. On \u0159\u00edkal, \u017ee kdyby mohl opravovat automobily a tak\u00e9 kdyby mohl opravovat motorky, s\u00e1m mi tak\u00e9 \u0159ekl, \u017ee u\u017e dlouhou dobu tou\u017e\u00ed po motorce. Jenom\u017ee kdy\u017e jsme potom doma \u0159ekli, \u017ee bratr bude m\u00edt. Motorku tak v\u0161ichni jenom kroutili hlavou. V\u016fbec nemohli uv\u011b\u0159it tomu, \u017ee je m\u016fj bratr &hellip; ","datePublished":"2023-12-11","dateModified":"2023-12-11","author":{"@type":"Person","@id":"https:\/\/www.esapo.cz\/author\/#Person","name":"","url":"https:\/\/www.esapo.cz\/author\/","identifier":1,"image":{"@type":"ImageObject","@id":"https:\/\/secure.gravatar.com\/avatar\/afe3e9c307ddf0b756c397ad75c6ecdba1f9da628b10651fe33a13bba6407ccd?s=96&d=mm&r=g","url":"https:\/\/secure.gravatar.com\/avatar\/afe3e9c307ddf0b756c397ad75c6ecdba1f9da628b10651fe33a13bba6407ccd?s=96&d=mm&r=g","height":96,"width":96}},"publisher":{"@type":"Organization","name":"esapo.cz","logo":{"@type":"ImageObject","@id":"\/logo.png","url":"\/logo.png","width":600,"height":60}},"image":{"@type":"ImageObject","@id":"https:\/\/www.esapo.cz\/wp-content\/uploads\/suzuki-gixxer-sf-biker-pictures-7345195_1280.jpg","url":"https:\/\/www.esapo.cz\/wp-content\/uploads\/suzuki-gixxer-sf-biker-pictures-7345195_1280.jpg","height":0,"width":0},"url":"https:\/\/www.esapo.cz\/nakup-motorky\/","about":["Moto"],"wordCount":412,"articleBody":"M\u016fj bratr v\u017edycky tou\u017eil po motorce a tak\u00e9 cht\u011bl pracovat s motorkami. On \u0159\u00edkal, \u017ee kdyby mohl opravovat automobily a tak\u00e9 kdyby mohl opravovat motorky, s\u00e1m mi tak\u00e9 \u0159ekl, \u017ee u\u017e dlouhou dobu tou\u017e\u00ed po motorce. Jenom\u017ee kdy\u017e jsme potom doma \u0159ekli, \u017ee bratr bude m\u00edt. Motorku tak v\u0161ichni jenom kroutili hlavou. V\u016fbec nemohli uv\u011b\u0159it tomu, \u017ee je m\u016fj bratr chce motorku. V\u0161ichni doma m\u011bli strach, \u017ee by se bratr na motorce zranil. Sice ano, zn\u00e1m sv\u00e9ho bratra. Proto\u017ee m\u016fj bratr je opravdu divok\u00fd. Ur\u010dit\u011b by na motorce jezdil moc rychle. A tohle by se mi tak\u00e9 samoz\u0159ejm\u011b v\u016fbec nel\u00edbilo.Ale pov\u011bzte mi, komu by se l\u00edbilo, kdyby jeho \u010dlen rodiny jezdil opravdu rychle na motorce? Mysl\u00edm si, \u017ee tohle by se nel\u00edbilo v\u016fbec nikomu. Tady hroz\u00ed opravdu velik\u00e9 riziko n\u011bjak\u00e9ho zran\u011bn\u00ed anebo je\u0161t\u011b n\u011b\u010deho hor\u0161\u00edho. Tak\u00e9 by se mohla st\u00e1t n\u011bjak\u00e1 katastrofa. \u0158ekla jsem si, pro\u010d bratr t\u0159eba nem\u00e1 rad\u011bji auta. V aut\u011b je to p\u0159eci jenom bezpe\u010dn\u011bj\u0161\u00ed. J\u00e1 tedy samoz\u0159ejm\u011b nem\u00e1m \u0159idi\u010dsk\u00e9 opr\u00e1vn\u011bn\u00ed, tak\u017ee to znamen\u00e1, \u017ee nemohu \u0159\u00eddit automobil ani motorku. Mo\u017en\u00e1 jsem za to r\u00e1da. Proto\u017ee kdybych m\u011bla \u0159idi\u010dsk\u00e9 opr\u00e1vn\u011bn\u00ed, tak bych \u0159\u00eddila asi tak\u00e9 jako bratr. Tak\u017ee jako bl\u00e1zen. J\u00e1 v\u00edm, \u017ee rychl\u00e1 j\u00edzda zp\u016fsobuje adrenalin v t\u011ble, to znamen\u00e1, \u017ee \u010dlov\u011bk je potom v\u00edce v\u00fdkonn\u00fd a m\u00e1 lep\u0161\u00ed chu\u0165 na v\u0161echno m\u00e1 r\u00e1d extr\u00e9my \u010dlov\u011bk, kter\u00fd m\u00e1 r\u00e1d adrenalin, tak se pou\u0161t\u00ed do nebezpe\u010dn\u00fdch v\u011bc\u00ed a do nebezpe\u010dn\u00fdch sport\u016f. M\u011b osobn\u011b by se tohle asi nel\u00edbilo. Vadilo by mi, kdyby t\u0159eba za mnou p\u0159i\u0161el m\u016fj syn anebo dcera a \u0159ekli by mi, \u017ee by si cht\u011bli po\u0159\u00eddit n\u011bjakou velikou a silnou motorku. Opravdu by mi st\u00e1ly vlasy na hlav\u011b? Byla bych z toho opravdu ne\u0161\u0165astn\u00e1 a b\u00e1la bych se, \u017ee by si tohle m\u00e9 d\u011bti koupily\u00a0i za m\u00fdmi z\u00e1dy. Tak\u017ee nev\u00edm, co by bylo lep\u0161\u00ed, jestli jim motorku zakazovat a koupili by si j\u00ed potaj\u00ed anebo jim dovolit a alespo\u0148 bych m\u011bla p\u0159ehled.\u00a0                                                                                                                                                                                                                                                                                                                                                                                        3.9\/5 - (12 votes)        "},{"@context":"https:\/\/schema.org\/","@type":"BreadcrumbList","itemListElement":[{"@type":"ListItem","position":1,"name":"N\u00e1kup motorky","item":"https:\/\/www.esapo.cz\/nakup-motorky\/#breadcrumbitem"}]}]