[{"@context":"https:\/\/schema.org\/","@type":"Article","@id":"https:\/\/www.esapo.cz\/rozkvetly-zebrinak-na-zahrade\/#Article","mainEntityOfPage":"https:\/\/www.esapo.cz\/rozkvetly-zebrinak-na-zahrade\/","headline":"Rozkvetl\u00fd \u017eeb\u0159i\u0148\u00e1k na zahrad\u011b","name":"Rozkvetl\u00fd \u017eeb\u0159i\u0148\u00e1k na zahrad\u011b","description":"Mo\u017en\u00e1 se i na va\u0161\u00ed zahrad\u011b najde n\u011bjak\u00fd mal\u00fd traka\u0159, anebo star\u00e9 kole\u010dko. V tom p\u0159\u00edpad\u011b je vyt\u00e1hn\u011bte na tr\u00e1vn\u00edk a zasa\u010fte do n\u011bho kv\u011btiny. Proto\u017ee se nejedn\u00e1 pouze o netradi\u010dn\u00ed ozdobu. Kv\u011btin\u00e1m se usazen\u00ed na poj\u00edzdn\u00e9m stojanu dozajista bude l\u00edbit. Voz\u00edtko toti\u017e m\u016f\u017eete o letn\u00edch dnech pln\u00fdch slunce p\u0159ev\u00e1\u017eet pr\u00e1v\u011b podle pohybu slunce p\u0159esn\u011b tam, kde to va\u0161im kv\u011btin\u00e1m &hellip; ","datePublished":"2023-06-08","dateModified":"2023-06-08","author":{"@type":"Person","@id":"https:\/\/www.esapo.cz\/author\/#Person","name":"","url":"https:\/\/www.esapo.cz\/author\/","identifier":1,"image":{"@type":"ImageObject","@id":"https:\/\/secure.gravatar.com\/avatar\/afe3e9c307ddf0b756c397ad75c6ecdba1f9da628b10651fe33a13bba6407ccd?s=96&d=mm&r=g","url":"https:\/\/secure.gravatar.com\/avatar\/afe3e9c307ddf0b756c397ad75c6ecdba1f9da628b10651fe33a13bba6407ccd?s=96&d=mm&r=g","height":96,"width":96}},"publisher":{"@type":"Organization","name":"esapo.cz","logo":{"@type":"ImageObject","@id":"\/logo.png","url":"\/logo.png","width":600,"height":60}},"image":{"@type":"ImageObject","@id":"https:\/\/www.esapo.cz\/wp-content\/uploads\/img_a294329_w2315_t1506312741.jpg","url":"https:\/\/www.esapo.cz\/wp-content\/uploads\/img_a294329_w2315_t1506312741.jpg","height":0,"width":0},"url":"https:\/\/www.esapo.cz\/rozkvetly-zebrinak-na-zahrade\/","wordCount":421,"articleBody":"Mo\u017en\u00e1 se i na va\u0161\u00ed zahrad\u011b najde n\u011bjak\u00fd mal\u00fd traka\u0159, anebo star\u00e9 kole\u010dko. V tom p\u0159\u00edpad\u011b je vyt\u00e1hn\u011bte na tr\u00e1vn\u00edk a zasa\u010fte do n\u011bho kv\u011btiny. Proto\u017ee se nejedn\u00e1 pouze o netradi\u010dn\u00ed ozdobu. Kv\u011btin\u00e1m se usazen\u00ed na poj\u00edzdn\u00e9m stojanu dozajista bude l\u00edbit. Voz\u00edtko toti\u017e m\u016f\u017eete o letn\u00edch dnech pln\u00fdch slunce p\u0159ev\u00e1\u017eet pr\u00e1v\u011b podle pohybu slunce p\u0159esn\u011b tam, kde to va\u0161im kv\u011btin\u00e1m bude nejv\u00edce sv\u011bd\u010dit. Proto je t\u0159eba db\u00e1t na to, aby kole\u010dka poj\u00edzdn\u00e9ho kv\u011btinov\u00e9ho stojanu byla funk\u010dn\u00ed a p\u011bkn\u011b promazan\u00e1. To aby tyto rozkvetl\u00e9 dopravn\u00ed prost\u0159edky jezdily skoro samy.Materi\u00e1ly, ze kter\u00fdch jsou kv\u011btinov\u00e1 vozidla vyrobena, jsou v podstat\u011b dvoj\u00edho druhu:\u00b7\u00a0\u00a0\u00a0\u00a0\u00a0\u00a0\u00a0\u00a0 D\u0159evo, ze kter\u00e9ho se vkonstruuj\u00ed voz\u00edky, traka\u0159e, \u017eeb\u0159i\u0148\u00e1ky a mnoh\u00e9 dal\u0161\u00ed.\u00b7\u00a0\u00a0\u00a0\u00a0\u00a0\u00a0\u00a0\u00a0 Kov, z kter\u00e9ho jsou vyrobeny star\u00e9 ko\u010d\u00e1rky a r\u016fzn\u00e1 kole\u010dka.\u00a0Je pouze na n\u00e1s, jestli je budeme cht\u00edt opat\u0159it n\u011bjak\u00fdm n\u00e1t\u011brem, anebo je ponech\u00e1me v surov\u00e9, neupraven\u00e9, a mnohdy i lehce zanedban\u00e9 podob\u011b. Vytv\u00e1\u0159et poj\u00edzdn\u00e9 voz\u00edtko pro kv\u011btiny m\u016f\u017eete z charakteru prostoru zahrady, kde tyto poj\u00edzdn\u00e9 \u201ez\u00e1honky\u201c parkuj\u00ed nej\u010dast\u011bji.\u00b7\u00a0\u00a0\u00a0\u00a0\u00a0\u00a0\u00a0\u00a0 Pokud je pobl\u00ed\u017e voz\u00edku n\u011bjak\u00fd modern\u00ed sedac\u00ed n\u00e1bytek, kter\u00fd m\u00e1 na sob\u011b n\u00e1t\u011br, nap\u0159\u00edklad v barv\u011b teakov\u00e9ho d\u0159eva, bude vhodn\u00e9. Kdy\u017e nat\u0159ete poj\u00edzdn\u00fd voz\u00edk na kv\u011btiny podobn\u00fdm barevn\u00fdm t\u00f3nem. Anebo ponechte voz\u00edtko v p\u0159irozen\u00e9 barevnosti a nechte je klidn\u011b st\u00e1rnout a \u0161ediv\u011bt. I takov\u00e1 patina st\u00e1\u0159\u00ed na p\u0159edm\u011btech m\u00e1 svoje kouzlo.\u00b7\u00a0\u00a0\u00a0\u00a0\u00a0\u00a0\u00a0\u00a0 U kovov\u00fdch voz\u00edtek je to podobn\u00e9. M\u016f\u017eeme voz\u00edk s kv\u011btinami opat\u0159it barvou na kov ve stejn\u00e9m barevn\u00e9m odst\u00ednu, jak\u00fd je v jeho okol\u00ed. Aby s n\u00edm dob\u0159e korespondoval, anebo jej ponech\u00e1me om\u0161el\u00e9, jak je, i kdy\u017e je t\u0159ebas opr\u00fdskan\u00fd. Potom kv\u011btiny je\u0161t\u011b mnohem v\u00edce vyniknou.S takov\u00fdmi voz\u00edky je tak\u00e9 velice snadn\u00e9 ulo\u017eit kv\u011btiny k zazimov\u00e1n\u00ed. Posta\u010d\u00ed pouze zajet s nimi nap\u0159\u00edklad do k\u016flny, do haly, anebo do jin\u00e9ho chr\u00e1n\u011bn\u00e9ho prostoru p\u0159ed chladem. A na ja\u0159e je zase vyvezeme ven na slun\u00ed\u010dko.                                                                                                                                                                                                                                                                                                                                                                                        4.1\/5 - (8 votes)        "},{"@context":"https:\/\/schema.org\/","@type":"BreadcrumbList","itemListElement":[{"@type":"ListItem","position":1,"name":"Rozkvetl\u00fd \u017eeb\u0159i\u0148\u00e1k na zahrad\u011b","item":"https:\/\/www.esapo.cz\/rozkvetly-zebrinak-na-zahrade\/#breadcrumbitem"}]}]