[{"@context":"https:\/\/schema.org\/","@type":"Article","@id":"https:\/\/www.esapo.cz\/statni-hrady-a-zamky\/#Article","mainEntityOfPage":"https:\/\/www.esapo.cz\/statni-hrady-a-zamky\/","headline":"St\u00e1tn\u00ed hrady a z\u00e1mky","name":"St\u00e1tn\u00ed hrady a z\u00e1mky","description":"Pokud pat\u0159\u00edte mezi milovn\u00edky hrad\u016f a z\u00e1mk\u016f a nenech\u00e1te si uj\u00edt n\u00e1v\u0161t\u011bvu n\u011bkter\u00e9ho ze \u0161lechtick\u00fdch objekt\u016f, ur\u010dit\u011b \u010dasto vyu\u017e\u00edv\u00e1te internet, abyste se dozv\u011bd\u011bli, jak se na m\u00edsto dostanete, jak\u00e9 jsou zde nab\u00edzen\u00e9 prohl\u00eddky, jak\u00e1 je otev\u00edrac\u00ed doba, cena vstupn\u00e9ho a tak podobn\u011b. Mo\u017en\u00e1 jste si v\u0161imly, \u017ee drtiv\u00e1 v\u011bt\u0161ina t\u011bchto pam\u00e1tek m\u00e1 stejnou \u00fapravu webov\u00fdch str\u00e1nek. Je to proto, \u017ee &hellip; ","datePublished":"2019-07-26","dateModified":"2023-06-08","author":{"@type":"Person","@id":"https:\/\/www.esapo.cz\/author\/#Person","name":"","url":"https:\/\/www.esapo.cz\/author\/","identifier":1,"image":{"@type":"ImageObject","@id":"https:\/\/secure.gravatar.com\/avatar\/afe3e9c307ddf0b756c397ad75c6ecdba1f9da628b10651fe33a13bba6407ccd?s=96&d=mm&r=g","url":"https:\/\/secure.gravatar.com\/avatar\/afe3e9c307ddf0b756c397ad75c6ecdba1f9da628b10651fe33a13bba6407ccd?s=96&d=mm&r=g","height":96,"width":96}},"publisher":{"@type":"Organization","name":"esapo.cz","logo":{"@type":"ImageObject","@id":"\/logo.png","url":"\/logo.png","width":600,"height":60}},"image":{"@type":"ImageObject","@id":"https:\/\/www.esapo.cz\/wp-content\/uploads\/img_a349191_w2806_t1564071805.jpg","url":"https:\/\/www.esapo.cz\/wp-content\/uploads\/img_a349191_w2806_t1564071805.jpg","height":0,"width":0},"url":"https:\/\/www.esapo.cz\/statni-hrady-a-zamky\/","wordCount":410,"articleBody":"Pokud pat\u0159\u00edte mezi milovn\u00edky hrad\u016f a z\u00e1mk\u016f a nenech\u00e1te si uj\u00edt n\u00e1v\u0161t\u011bvu n\u011bkter\u00e9ho ze \u0161lechtick\u00fdch objekt\u016f, ur\u010dit\u011b \u010dasto vyu\u017e\u00edv\u00e1te internet, abyste se dozv\u011bd\u011bli, jak se na m\u00edsto dostanete, jak\u00e9 jsou zde nab\u00edzen\u00e9 prohl\u00eddky, jak\u00e1 je otev\u00edrac\u00ed doba, cena vstupn\u00e9ho a tak podobn\u011b. Mo\u017en\u00e1 jste si v\u0161imly, \u017ee drtiv\u00e1 v\u011bt\u0161ina t\u011bchto pam\u00e1tek m\u00e1 stejnou \u00fapravu webov\u00fdch str\u00e1nek. Je to proto, \u017ee st\u00e1tn\u00ed hrady a z\u00e1mky, kter\u00fdch je na \u00fazem\u00ed \u010cesk\u00e9 republiky v\u011bt\u0161ina, spravuje N\u00e1rodn\u00ed pam\u00e1tkov\u00fd \u00fastav a proto tak\u00e9 \u00faprava, rozhran\u00ed i design webov\u00fdch str\u00e1nek jsou jednotn\u00e9, jednoduch\u00e9 a p\u0159ehledn\u00e9, tak\u017ee se v oblasti v\u00fdpo\u010detn\u00ed techniky i m\u00e9n\u011b zdatn\u00fd n\u00e1v\u0161t\u011bvn\u00edk dob\u0159e orientuje.&#13; &#13; Poj\u010fme se na webov\u00e9 str\u00e1nky pam\u00e1tek spravovan\u00fdch N\u00e1rodn\u00edm pam\u00e1tkov\u00fdm \u00fastavem pod\u00edvat. Kategori\u00ed nen\u00ed mnoho, nab\u00edzej\u00ed v\u0161ak mno\u017estv\u00ed informac\u00ed, proto\u017ee ka\u017ed\u00e1 kategorie m\u00e1 sv\u00e9 podkategorie.&#13; \u00b7 Informace pro n\u00e1v\u0161t\u011bvn\u00edky\u2013 pro turisty je ur\u010dit\u011b nejd\u016fle\u017eit\u011bj\u0161\u00ed kategorie Informace pro n\u00e1v\u0161t\u011bvn\u00edky. Zde najdete informace o vstupn\u00e9m, n\u00e1v\u0161t\u011bvnick\u00fdch okruz\u00edch, jak se na pam\u00e1tku dostanete a podobn\u011b.&#13; \u00b7 O hradu, o z\u00e1mku\u2013 samoz\u0159ejm\u011b kdy\u017e u\u017e vyraz\u00edte na v\u00fdlet, nemus\u00edte pat\u0159it mezi milovn\u00edky historie, ale p\u0159esto se budete cht\u00edt n\u011bco o objektu dozv\u011bd\u011bt. Stru\u010dn\u00e1 historie m\u00edsta se nach\u00e1z\u00ed pr\u00e1v\u011b zde.&#13; &#13; \u00b7 Fotogalerie\u2013 stoj\u00ed to m\u00edsto v\u016fbec za to? Bude to zaj\u00edmav\u00e9? Bude se n\u00e1m to l\u00edbit? Fotografie obvykle maj\u00ed nat\u011b\u0161it potenci\u00e1ln\u00edho n\u00e1v\u0161t\u011bvn\u00edka.&#13; \u00b7 Tipy na v\u00fdlet\u2013 \u017e\u00e1dn\u00e1 historick\u00e1 pam\u00e1tka nen\u00ed sama sob\u011b ostrovem, ale v jej\u00edm okol\u00ed se nach\u00e1z\u00ed cel\u00e1 \u0159ada dal\u0161\u00edch zaj\u00edmav\u00fdch m\u00edst, kter\u00e1 stoj\u00ed za to nav\u0161t\u00edvit. O kter\u00e1 m\u00edsta se jedn\u00e1, se dozv\u00edte pr\u00e1v\u011b zde&#13; \u00b7 Podle pot\u0159eb m\u00edsta\u2013 prvn\u00ed \u010dty\u0159i zm\u00edn\u011bn\u00e9 se nach\u00e1zej\u00ed na v\u0161ech webov\u00fdch str\u00e1nk\u00e1ch, dal\u0161\u00ed jsou pak podle pot\u0159eb m\u00edsta. Nap\u0159\u00edklad Svatby, Pracovn\u00ed p\u0159\u00edle\u017eitosti, Rezervace, On-line vstupenky, Slu\u017eby, Zaj\u00edmavosti, Pro \u0161koly, Hostinsk\u00e9 pokoje.&#13; &#13;                                                                                                                                                                                                                                                                                                                                                                                         4.4\/5 - (10 votes)        "},{"@context":"https:\/\/schema.org\/","@type":"BreadcrumbList","itemListElement":[{"@type":"ListItem","position":1,"name":"St\u00e1tn\u00ed hrady a z\u00e1mky","item":"https:\/\/www.esapo.cz\/statni-hrady-a-zamky\/#breadcrumbitem"}]}]