[{"@context":"https:\/\/schema.org\/","@type":"Article","@id":"https:\/\/www.esapo.cz\/vonne-tycinky\/#Article","mainEntityOfPage":"https:\/\/www.esapo.cz\/vonne-tycinky\/","headline":"Vonn\u00e9 ty\u010dinky","name":"Vonn\u00e9 ty\u010dinky","description":"Po\u0159i\u010fte si dom\u016f vonn\u00e9 ty\u010dinky a dop\u0159ejte odpo\u010dinek sv\u00e9mu t\u011blu i mysli. Navozuj\u00ed toti\u017e p\u0159\u00edjemnou atmosf\u00e9ru a p\u016fsob\u00ed antistresov\u011b. Na v\u00fdb\u011br m\u00e1te mnoho mo\u017enost\u00ed v\u016fn\u00ed, ze kter\u00fdch m\u016f\u017eete vyb\u00edrat. Vonn\u00e9 ty\u010dinky jsou k dost\u00e1n\u00ed bu\u010f v samostatn\u00fdch balen\u00edch dle druhu aroma, anebo v cel\u00fdch sad\u00e1ch, kde mimo nich najdete v\u011bt\u0161inou tak\u00e9 vonn\u00e9 franti\u0161ky, sv\u00ed\u010dky a dal\u0161\u00ed v\u00fdrobky z \u0159ady aromaterapie. &hellip; ","datePublished":"2025-03-24","dateModified":"2025-03-24","author":{"@type":"Person","@id":"https:\/\/www.esapo.cz\/author\/#Person","name":"","url":"https:\/\/www.esapo.cz\/author\/","identifier":1,"image":{"@type":"ImageObject","@id":"https:\/\/secure.gravatar.com\/avatar\/afe3e9c307ddf0b756c397ad75c6ecdba1f9da628b10651fe33a13bba6407ccd?s=96&d=mm&r=g","url":"https:\/\/secure.gravatar.com\/avatar\/afe3e9c307ddf0b756c397ad75c6ecdba1f9da628b10651fe33a13bba6407ccd?s=96&d=mm&r=g","height":96,"width":96}},"publisher":{"@type":"Organization","name":"esapo.cz","logo":{"@type":"ImageObject","@id":"\/logo.png","url":"\/logo.png","width":600,"height":60}},"url":"https:\/\/www.esapo.cz\/vonne-tycinky\/","wordCount":166,"articleBody":"Po\u0159i\u010fte si dom\u016f vonn\u00e9 ty\u010dinky a dop\u0159ejte odpo\u010dinek sv\u00e9mu t\u011blu i mysli. Navozuj\u00ed toti\u017e p\u0159\u00edjemnou atmosf\u00e9ru a p\u016fsob\u00ed antistresov\u011b. Na v\u00fdb\u011br m\u00e1te mnoho mo\u017enost\u00ed v\u016fn\u00ed, ze kter\u00fdch m\u016f\u017eete vyb\u00edrat.Vonn\u00e9 ty\u010dinky jsou k dost\u00e1n\u00ed bu\u010f v samostatn\u00fdch balen\u00edch dle druhu aroma, anebo v cel\u00fdch sad\u00e1ch, kde mimo nich najdete v\u011bt\u0161inou tak\u00e9 vonn\u00e9 franti\u0161ky, sv\u00ed\u010dky a dal\u0161\u00ed v\u00fdrobky z \u0159ady aromaterapie. N\u00e1v\u0161t\u011bvou na\u0161eho obchodu m\u00e1te mimo jin\u00e9 mo\u017enost vyb\u00edrat z r\u016fzn\u00fdch stoj\u00e1nk\u016f, kter\u00e9 jsou bu\u010f klasick\u00e9, nebo orient\u00e1ln\u011b zdoben\u00e9.Cenavonn\u00e9 ty\u010dinky jsou cenov\u011b dostupn\u00fdm v\u00fdrobkem a cena se li\u0161\u00ed druh od druhu a v\u00fdrobce. Sami jist\u011b ale najdete mezi nimi produkt, kter\u00fd bude odpov\u00eddat v\u0161em va\u0161im po\u017eadavk\u016fm a to v\u010detn\u011b va\u0161ich cenov\u00fdch mo\u017enost\u00ed.                                                                                                                                                                                                                                                                                                                                                                                                "},{"@context":"https:\/\/schema.org\/","@type":"BreadcrumbList","itemListElement":[{"@type":"ListItem","position":1,"name":"Vonn\u00e9 ty\u010dinky","item":"https:\/\/www.esapo.cz\/vonne-tycinky\/#breadcrumbitem"}]}]